{"id":565,"date":"2019-06-01T08:44:28","date_gmt":"2019-06-01T08:44:28","guid":{"rendered":"https:\/\/aks-kerpen.de\/wordpress\/?p=565"},"modified":"2020-04-24T08:49:07","modified_gmt":"2020-04-24T08:49:07","slug":"juniorwahl-an-der-aks","status":"publish","type":"post","link":"https:\/\/aks-kerpen.de\/wordpress\/blog\/2019\/06\/01\/juniorwahl-an-der-aks\/","title":{"rendered":"Juniorwahl an der AKS"},"content":{"rendered":"\n<div class=\"wp-block-media-text alignwide has-media-on-the-right is-stacked-on-mobile\"><figure class=\"wp-block-media-text__media\"><img loading=\"lazy\" decoding=\"async\" width=\"870\" height=\"280\" src=\"https:\/\/aks-kerpen.de\/wordpress\/wp-content\/uploads\/2020\/04\/19.05.26-juniorwahl-beitragsbild.jpg\" alt=\"\" class=\"wp-image-566\" srcset=\"https:\/\/aks-kerpen.de\/wordpress\/wp-content\/uploads\/2020\/04\/19.05.26-juniorwahl-beitragsbild.jpg 870w, https:\/\/aks-kerpen.de\/wordpress\/wp-content\/uploads\/2020\/04\/19.05.26-juniorwahl-beitragsbild-300x97.jpg 300w, https:\/\/aks-kerpen.de\/wordpress\/wp-content\/uploads\/2020\/04\/19.05.26-juniorwahl-beitragsbild-768x247.jpg 768w\" sizes=\"auto, (max-width: 870px) 100vw, 870px\" \/><\/figure><div class=\"wp-block-media-text__content\">\n<p class=\"has-normal-font-size\">Ganz Europa ging am Sonntag dem 26.05.2019 zur Wahl. Sch\u00fclerinnen und Sch\u00fcler unter 18 Jahren durften nicht w\u00e4hlen. Aber nicht an der Adolph- Kolping Schule.<\/p>\n\n\n\n<!--more-->\n<\/div><\/div>\n\n\n\n<div class=\"wp-block-media-text alignwide is-stacked-on-mobile\" style=\"grid-template-columns:53% auto\"><figure class=\"wp-block-media-text__media\"><img loading=\"lazy\" decoding=\"async\" width=\"768\" height=\"1024\" src=\"https:\/\/aks-kerpen.de\/wordpress\/wp-content\/uploads\/2020\/04\/IMG_0009-2-768x1024.jpg\" alt=\"\" class=\"wp-image-567\" srcset=\"https:\/\/aks-kerpen.de\/wordpress\/wp-content\/uploads\/2020\/04\/IMG_0009-2-768x1024.jpg 768w, https:\/\/aks-kerpen.de\/wordpress\/wp-content\/uploads\/2020\/04\/IMG_0009-2-225x300.jpg 225w, https:\/\/aks-kerpen.de\/wordpress\/wp-content\/uploads\/2020\/04\/IMG_0009-2-1152x1536.jpg 1152w, https:\/\/aks-kerpen.de\/wordpress\/wp-content\/uploads\/2020\/04\/IMG_0009-2-1536x2048.jpg 1536w, https:\/\/aks-kerpen.de\/wordpress\/wp-content\/uploads\/2020\/04\/IMG_0009-2-scaled.jpg 1920w\" sizes=\"auto, (max-width: 768px) 100vw, 768px\" \/><\/figure><div class=\"wp-block-media-text__content\">\n<p>\u00dcber 170 Sch\u00fclerinnen und Sch\u00fcler aus neun Klassen haben an der diesj\u00e4hrigen Juniorwahl zur Europawahl teilgenommen. Das Ergebnis sieht folgenderma\u00dfen aus:<\/p>\n\n\n\n<figure class=\"wp-block-table\"><table><tbody><tr><td>Partei<\/td><td>Anzahl<\/td><td>Angaben in %<\/td><\/tr><tr><td>CDU<\/td><td>19<\/td><td>11%<\/td><\/tr><tr><td>SPD<\/td><td>41<\/td><td>24%<\/td><\/tr><tr><td>Gr\u00fcne<\/td><td>54<\/td><td>32%<\/td><\/tr><tr><td>AfD<\/td><td>13<\/td><td>8%<\/td><\/tr><tr><td>Die Linke<\/td><td>5<\/td><td>3%<\/td><\/tr><tr><td>FDP<\/td><td>4<\/td><td>2%<\/td><\/tr><tr><td>Tierschutzpartei<\/td><td>4<\/td><td>2%<\/td><\/tr><tr><td>FAMILIE<\/td><td>1<\/td><td>1%<\/td><\/tr><tr><td>\u00d6DP<\/td><td>1<\/td><td>1%<\/td><\/tr><tr><td>Tierschutz hier!<\/td><td>4<\/td><td>2%<\/td><\/tr><tr><td>Tierschutzallianz<\/td><td>2<\/td><td>1%<\/td><\/tr><tr><td>BIG<\/td><td>3<\/td><td>2%<\/td><\/tr><tr><td>Die Grauen<\/td><td>3<\/td><td>2%<\/td><\/tr><tr><td>DIE RECHTE<\/td><td>2<\/td><td>1%<\/td><\/tr><tr><td>LIEBE<\/td><td>3<\/td><td>2%<\/td><\/tr><tr><td>DIE FRAUEN<\/td><td>6<\/td><td>4%<\/td><\/tr><tr><td>ung\u00fcltige Stimmen<\/td><td>5<\/td><td>3%<\/td><\/tr><\/tbody><\/table><\/figure>\n<\/div><\/div>\n\n\n\n<p>Unter echten Wahlbedingungen mit ehrgeizigen Wahlhelfern, dem gleichen ellenlangen Stimmzettel und vor neugierigen Blicken sch\u00fctzenden Wahlkabinen haben mehr als 66 Prozent der Siebt &#8211; Zehntkl\u00e4ssler der Adolph-Kolping Schule dar\u00fcber abgestimmt, wer ihrer Meinung nach die Sitze im Europaparlament besetzen soll. Die flei\u00dfigen Wahlhelfer bekamen anschlie\u00dfend ihre Urkunden von ihrem AW-Lehrer Herr Sevindik \u00fcberreicht.<\/p>\n\n\n\n<p>Es gab durchweg positives Feedback der Schulgemeinschaft, denn W\u00e4hlen ist ein erster und notwendiger Schritt f\u00fcr eine umfassende politische und demokratische Teilhabe. Anliegen des Projektes ist es, zum Demokratieverst\u00e4ndnis der Sch\u00fclerinnen und Sch\u00fcler beizutragen. Dazu haben sie sich vorab im Unterricht intensiv mit den aktuellen Parteiprogrammen sowie den Themen Demokratie und Wahlen auseinandergesetzt und wurden so auf den Wahlakt vorbereitet. Wir bedanken uns nochmals bei allen Beteiligten und freuen uns schon auf die n\u00e4chste Wahl.<\/p>\n","protected":false},"excerpt":{"rendered":"<p>Ganz Europa ging am Sonntag dem 26.05.2019 zur Wahl. Sch\u00fclerinnen und Sch\u00fcler unter 18 Jahren durften nicht w\u00e4hlen. Aber nicht an der Adolph- Kolping Schule.<\/p>\n","protected":false},"author":1,"featured_media":0,"comment_status":"open","ping_status":"closed","sticky":false,"template":"","format":"standard","meta":{"footnotes":""},"categories":[1],"tags":[],"class_list":["post-565","post","type-post","status-publish","format-standard","hentry","category-uncategorized"],"_links":{"self":[{"href":"https:\/\/aks-kerpen.de\/wordpress\/wp-json\/wp\/v2\/posts\/565","targetHints":{"allow":["GET"]}}],"collection":[{"href":"https:\/\/aks-kerpen.de\/wordpress\/wp-json\/wp\/v2\/posts"}],"about":[{"href":"https:\/\/aks-kerpen.de\/wordpress\/wp-json\/wp\/v2\/types\/post"}],"author":[{"embeddable":true,"href":"https:\/\/aks-kerpen.de\/wordpress\/wp-json\/wp\/v2\/users\/1"}],"replies":[{"embeddable":true,"href":"https:\/\/aks-kerpen.de\/wordpress\/wp-json\/wp\/v2\/comments?post=565"}],"version-history":[{"count":0,"href":"https:\/\/aks-kerpen.de\/wordpress\/wp-json\/wp\/v2\/posts\/565\/revisions"}],"wp:attachment":[{"href":"https:\/\/aks-kerpen.de\/wordpress\/wp-json\/wp\/v2\/media?parent=565"}],"wp:term":[{"taxonomy":"category","embeddable":true,"href":"https:\/\/aks-kerpen.de\/wordpress\/wp-json\/wp\/v2\/categories?post=565"},{"taxonomy":"post_tag","embeddable":true,"href":"https:\/\/aks-kerpen.de\/wordpress\/wp-json\/wp\/v2\/tags?post=565"}],"curies":[{"name":"wp","href":"https:\/\/api.w.org\/{rel}","templated":true}]}}