{"id":529,"date":"2020-04-23T13:59:04","date_gmt":"2020-04-23T13:59:04","guid":{"rendered":"https:\/\/aks-kerpen.de\/wordpress\/?p=529"},"modified":"2020-04-23T13:59:05","modified_gmt":"2020-04-23T13:59:05","slug":"bienen-sind-in-aller-munde","status":"publish","type":"post","link":"https:\/\/aks-kerpen.de\/wordpress\/blog\/2020\/04\/23\/bienen-sind-in-aller-munde\/","title":{"rendered":"Bienen sind in aller Munde"},"content":{"rendered":"\n<div class=\"wp-block-media-text alignwide has-media-on-the-right is-stacked-on-mobile\"><figure class=\"wp-block-media-text__media\"><a href=\"https:\/\/aks-kerpen.de\/wordpress\/wp-content\/uploads\/2020\/04\/hummel-1353423_1920-1.jpg\"><img decoding=\"async\" src=\"https:\/\/aks-kerpen.de\/wordpress\/wp-content\/uploads\/2020\/04\/hummel-1353423_1920-1-1024x492.jpg\" alt=\"\" class=\"wp-image-531\"\/><\/a><\/figure><div class=\"wp-block-media-text__content\">\n<p class=\"has-normal-font-size\">\u00dcberall in Kerpen sieht man in diesen Tagen aufbl\u00fchende Blumenwiesen, \u201eKerpen bl\u00fcht auf\u201c. Unseren Insekten, insbesondere den Bienen, soll somit die M\u00f6glichkeit gegeben werden, in unserer Umwelt wieder mehr und mehr heimischer zu werden.<\/p>\n<\/div><\/div>\n\n\n\n<!--more-->\n\n\n\n<p>Bienen sind sehr wichtige Lebewesen in unserem \u00d6kosystem und brauchen Lebenswelten, wo sie ohne sch\u00e4dliche Faktoren leben k\u00f6nnen. Ohne Bienen w\u00e4re unsere Umwelt nicht artenreich und wir m\u00fcssten uns fragen, woher wir so manche Lebensmittel bekommen w\u00fcrden.<\/p>\n\n\n\n<div class=\"wp-block-media-text alignwide is-stacked-on-mobile is-image-fill\" style=\"grid-template-columns:47% auto\"><figure class=\"wp-block-media-text__media\" style=\"background-image:url(https:\/\/aks-kerpen.de\/wordpress\/wp-content\/uploads\/2020\/04\/forget-me-not-257176_1920-1-1024x644.jpg);background-position:68% 61%\"><a href=\"https:\/\/aks-kerpen.de\/wordpress\/wp-content\/uploads\/2020\/04\/forget-me-not-257176_1920-1.jpg\"><img decoding=\"async\" src=\"https:\/\/aks-kerpen.de\/wordpress\/wp-content\/uploads\/2020\/04\/forget-me-not-257176_1920-1-1024x644.jpg\" alt=\"\" class=\"wp-image-534\"\/><\/a><\/figure><div class=\"wp-block-media-text__content\">\n<p class=\"has-normal-font-size\">Um diese kleinen und wichtigen Lebewesen unseren Sch\u00fclern n\u00e4herzubringen, keine Angst vor ihnen zu haben und sie sch\u00e4tzen zu lernen, implementieren wir in unserem Biologieunterricht der 5. Klassen zu Beginn des Fr\u00fchjahres eine Unterrichtseinheit zum Thema \u201eBienen\u201c. Das theoretische Wissen konnte in diesem Jahr vor dem Corona-Shutdown schon intensiv vermittelt werden und das Interesse der Sch\u00fcler zeigte uns, dass das Thema Bienen auf viel Aufmerksamkeit stie\u00df. So haben wir einen Kontakt zu einem Imker in Kerpen aufgebaut, der den Sch\u00fclern auf praktische Art und Weise das Wissen vermitteln wird. Sobald der Schulalltag wieder an Normalit\u00e4t gewonnen hat, wird er uns mit \u201elebendigen Anschauungsobjekten\u201c besuchen und den Unterricht mit spannenden Informationen bereichern.<\/p>\n<\/div><\/div>\n","protected":false},"excerpt":{"rendered":"<p>\u00dcberall in Kerpen sieht man in diesen Tagen aufbl\u00fchende Blumenwiesen, \u201eKerpen bl\u00fcht auf\u201c. Unseren Insekten, insbesondere den Bienen, soll somit die M\u00f6glichkeit gegeben werden, in unserer Umwelt wieder mehr und mehr heimischer zu werden.<\/p>\n","protected":false},"author":1,"featured_media":0,"comment_status":"open","ping_status":"closed","sticky":false,"template":"","format":"standard","meta":{"footnotes":""},"categories":[7],"tags":[],"class_list":["post-529","post","type-post","status-publish","format-standard","hentry","category-mint"],"_links":{"self":[{"href":"https:\/\/aks-kerpen.de\/wordpress\/wp-json\/wp\/v2\/posts\/529","targetHints":{"allow":["GET"]}}],"collection":[{"href":"https:\/\/aks-kerpen.de\/wordpress\/wp-json\/wp\/v2\/posts"}],"about":[{"href":"https:\/\/aks-kerpen.de\/wordpress\/wp-json\/wp\/v2\/types\/post"}],"author":[{"embeddable":true,"href":"https:\/\/aks-kerpen.de\/wordpress\/wp-json\/wp\/v2\/users\/1"}],"replies":[{"embeddable":true,"href":"https:\/\/aks-kerpen.de\/wordpress\/wp-json\/wp\/v2\/comments?post=529"}],"version-history":[{"count":0,"href":"https:\/\/aks-kerpen.de\/wordpress\/wp-json\/wp\/v2\/posts\/529\/revisions"}],"wp:attachment":[{"href":"https:\/\/aks-kerpen.de\/wordpress\/wp-json\/wp\/v2\/media?parent=529"}],"wp:term":[{"taxonomy":"category","embeddable":true,"href":"https:\/\/aks-kerpen.de\/wordpress\/wp-json\/wp\/v2\/categories?post=529"},{"taxonomy":"post_tag","embeddable":true,"href":"https:\/\/aks-kerpen.de\/wordpress\/wp-json\/wp\/v2\/tags?post=529"}],"curies":[{"name":"wp","href":"https:\/\/api.w.org\/{rel}","templated":true}]}}