{"id":441,"date":"2020-03-02T10:20:00","date_gmt":"2020-03-02T10:20:00","guid":{"rendered":"https:\/\/aks-kerpen.de\/wordpress\/?p=441"},"modified":"2020-04-14T12:06:43","modified_gmt":"2020-04-14T12:06:43","slug":"projekt-schueler-fuer-schueler","status":"publish","type":"post","link":"https:\/\/aks-kerpen.de\/wordpress\/blog\/2020\/03\/02\/projekt-schueler-fuer-schueler\/","title":{"rendered":"Projekt &#8211; &#8222;Sch\u00fcler f\u00fcr Sch\u00fcler&#8220;"},"content":{"rendered":"\n<div class=\"wp-block-media-text alignwide has-media-on-the-right is-stacked-on-mobile\"><figure class=\"wp-block-media-text__media\"><a href=\"https:\/\/aks-kerpen.de\/wordpress\/wp-content\/uploads\/2020\/04\/Wanderausstellung1_Erasmus_2020_02_11.jpg\"><img loading=\"lazy\" decoding=\"async\" width=\"700\" height=\"525\" src=\"https:\/\/aks-kerpen.de\/wordpress\/wp-content\/uploads\/2020\/04\/Wanderausstellung1_Erasmus_2020_02_11.jpg\" alt=\"\" class=\"wp-image-442\" srcset=\"https:\/\/aks-kerpen.de\/wordpress\/wp-content\/uploads\/2020\/04\/Wanderausstellung1_Erasmus_2020_02_11.jpg 700w, https:\/\/aks-kerpen.de\/wordpress\/wp-content\/uploads\/2020\/04\/Wanderausstellung1_Erasmus_2020_02_11-300x225.jpg 300w\" sizes=\"auto, (max-width: 700px) 100vw, 700px\" \/><\/a><\/figure><div class=\"wp-block-media-text__content\">\n<p>Seit Anfang des Schuljahres 2015\/2016 kooperiert unsere Schule im Rahmen des Projekts \u201eSch\u00fcler f\u00fcr Sch\u00fcler\u201c, mit dem Gymnasium der Stadt Kerpen. Das Projekt wird von der Lehrerin des Gymnasiums Astrid Friedrich, der Journalisten Birgit Broich-Jansen und der Lehrerin unserer Schule Handan Akcicek organisiert bzw. begleitet.<\/p>\n<\/div><\/div>\n\n\n\n<!--more-->\n\n\n\n<div class=\"wp-block-media-text alignwide is-stacked-on-mobile\"><figure class=\"wp-block-media-text__media\"><a href=\"https:\/\/aks-kerpen.de\/wordpress\/wp-content\/uploads\/2020\/04\/Wanderausstellung2_Erasmus_2020_02_11.jpg\"><img loading=\"lazy\" decoding=\"async\" width=\"700\" height=\"525\" src=\"https:\/\/aks-kerpen.de\/wordpress\/wp-content\/uploads\/2020\/04\/Wanderausstellung2_Erasmus_2020_02_11.jpg\" alt=\"\" class=\"wp-image-443\" srcset=\"https:\/\/aks-kerpen.de\/wordpress\/wp-content\/uploads\/2020\/04\/Wanderausstellung2_Erasmus_2020_02_11.jpg 700w, https:\/\/aks-kerpen.de\/wordpress\/wp-content\/uploads\/2020\/04\/Wanderausstellung2_Erasmus_2020_02_11-300x225.jpg 300w\" sizes=\"auto, (max-width: 700px) 100vw, 700px\" \/><\/a><\/figure><div class=\"wp-block-media-text__content\">\n<p>Bei diesem Angebot werden unsere Sch\u00fcler im Sprachf\u00f6rderunterricht von den Gymnasiasten unterst\u00fctzt, die ihre Freistunden daf\u00fcr nutzen.<\/p>\n<\/div><\/div>\n\n\n\n<p>In den ersten Jahren fand der Unterricht nur im Gymnasium statt. Sechs Sch\u00fcler der Adolph-Kolping Schule wurden in der Bibliothek des Gymnasiums im Verh\u00e4ltnis 1:1 unterrichtet. Nach der Auswertung der ersten Zusammenarbeit, hatten die Organisatoren des Projekts die Idee, dass die Abiturienten in ihren Freibl\u00f6cken den Sprachunterricht an der Adolph-Kolping Schule unterst\u00fctzen k\u00f6nnten. Sehr viele Abiturienten haben sich freiwillig bereit erkl\u00e4rt zu helfen. Dabei stellt jeder Sch\u00fcler mindestens zwei Unterrichtsstunden pro Woche zur Verf\u00fcgung. Das ergibt viele zus\u00e4tzliche Deutschstunden f\u00fcr die Lernenden.<\/p>\n\n\n\n<p>&nbsp;Zurzeit begleiten 8 Gymnasiasten unsere Sch\u00fcler regelm\u00e4\u00dfig beim Vokabellernen und beim Lesen. Sowohl unsere Sch\u00fcler als auch die Gymnasiasten berichten, dass ihnen die Zusammenarbeit viel Freude macht und dass sie sehr viel voneinander lernen. Da das Projekt &nbsp;bis jetzt sehr erfolgreich war, wurde es mehrfach ausgezeichnet u.a. &nbsp;mit dem&nbsp; Kerpener Heimatpreis*.<\/p>\n\n\n\n<p>*<a href=\"https:\/\/www.rheinische-anzeigenblaetter.de\/mein-blatt\/werbepost\/kerpen\/3-000-euro-preisgeld-kerpener-heimatpreis-fuer-sprachunterricht-33656170\">https:\/\/www.rheinische-anzeigenblaetter.de\/mein-blatt\/werbepost\/kerpen\/3-000-euro-preisgeld-kerpener-heimatpreis-fuer-sprachunterricht-33656170<\/a><\/p>\n","protected":false},"excerpt":{"rendered":"<p>Seit Anfang des Schuljahres 2015\/2016 kooperiert unsere Schule im Rahmen des Projekts \u201eSch\u00fcler f\u00fcr Sch\u00fcler\u201c, mit dem Gymnasium der Stadt Kerpen. Das Projekt wird von der Lehrerin des Gymnasiums Astrid Friedrich, der Journalisten Birgit Broich-Jansen und der Lehrerin unserer Schule Handan Akcicek organisiert bzw. begleitet.<\/p>\n","protected":false},"author":1,"featured_media":0,"comment_status":"open","ping_status":"closed","sticky":false,"template":"","format":"standard","meta":{"footnotes":""},"categories":[1],"tags":[],"class_list":["post-441","post","type-post","status-publish","format-standard","hentry","category-uncategorized"],"_links":{"self":[{"href":"https:\/\/aks-kerpen.de\/wordpress\/wp-json\/wp\/v2\/posts\/441","targetHints":{"allow":["GET"]}}],"collection":[{"href":"https:\/\/aks-kerpen.de\/wordpress\/wp-json\/wp\/v2\/posts"}],"about":[{"href":"https:\/\/aks-kerpen.de\/wordpress\/wp-json\/wp\/v2\/types\/post"}],"author":[{"embeddable":true,"href":"https:\/\/aks-kerpen.de\/wordpress\/wp-json\/wp\/v2\/users\/1"}],"replies":[{"embeddable":true,"href":"https:\/\/aks-kerpen.de\/wordpress\/wp-json\/wp\/v2\/comments?post=441"}],"version-history":[{"count":0,"href":"https:\/\/aks-kerpen.de\/wordpress\/wp-json\/wp\/v2\/posts\/441\/revisions"}],"wp:attachment":[{"href":"https:\/\/aks-kerpen.de\/wordpress\/wp-json\/wp\/v2\/media?parent=441"}],"wp:term":[{"taxonomy":"category","embeddable":true,"href":"https:\/\/aks-kerpen.de\/wordpress\/wp-json\/wp\/v2\/categories?post=441"},{"taxonomy":"post_tag","embeddable":true,"href":"https:\/\/aks-kerpen.de\/wordpress\/wp-json\/wp\/v2\/tags?post=441"}],"curies":[{"name":"wp","href":"https:\/\/api.w.org\/{rel}","templated":true}]}}