{"id":1716,"date":"2025-12-15T08:21:32","date_gmt":"2025-12-15T08:21:32","guid":{"rendered":"https:\/\/aks-kerpen.de\/wordpress\/?p=1716"},"modified":"2025-12-15T08:30:15","modified_gmt":"2025-12-15T08:30:15","slug":"herzlich-willkommen-zum-anmeldeverfahren-fuer-das-schuljahr-2026-2027","status":"publish","type":"post","link":"https:\/\/aks-kerpen.de\/wordpress\/blog\/2025\/12\/15\/herzlich-willkommen-zum-anmeldeverfahren-fuer-das-schuljahr-2026-2027\/","title":{"rendered":"Anmeldeverfahren &#8211; Klasse 5 &#8211; Schuljahr 2026\/2027"},"content":{"rendered":"\n<p>Die <strong>Adolph-Kolping-Schule<\/strong> in Kerpen, freut sich darauf, neue Sch\u00fclerinnen und Sch\u00fcler in unserer Schulgemeinschaft begr\u00fc\u00dfen zu d\u00fcrfen. In einer Schule mit einer famili\u00e4re Atmosph\u00e4re, individuelle F\u00f6rderung und vielf\u00e4ltige M\u00f6glichkeiten f\u00fcr die pers\u00f6nliche Entwicklung Ihres Kindes.<\/p>\n\n\n\n<p>\ud83d\udccd <strong>Adolph-Kolping-Schule \u2013 Gemeinschaftshauptschule Kerpen<\/strong><br>\ud83d\udcc5 <strong>Anmeldezeitraum:<\/strong> 23.02. \u2013 20.03.2026 <em>(ausgenommen Karnevalstage)<\/em><\/p>\n\n\n\n<p>\ud83d\udd52 <strong>Anmeldezeiten:<\/strong><br>Mo\u2013Do: 8:00 \u2013 15:00 Uhr<br>Fr: 8:00 \u2013 13:00 Uhr<br>\ud83d\udc49 <strong>Bitte vorher telefonisch Termin vereinbaren!<\/strong><\/p>\n\n\n\n<p>\ud83d\udccc <strong>Adresse:<\/strong> Schulstra\u00dfe 32, 50171 Kerpen<br>\ud83d\udcde <strong>Tel.:<\/strong> 02237 \/ 3512<\/p>\n\n\n\n<p>\ud83d\udcc2 <strong>Unterlagen zur Anmeldung:<\/strong><br>\u2714 Geburtsurkunde<br>\u2714 Halbjahreszeugnis<br>\u2714 Anmeldeschein<br>\u2714 Nachweis Masern-Immunit\u00e4t<br>\u2714 Passfoto<br>\u2714 Meldebescheinigung<\/p>\n\n\n\n<p><\/p>\n\n\n\n<p><\/p>\n","protected":false},"excerpt":{"rendered":"<p>Die Adolph-Kolping-Schule in Kerpen, freut sich darauf, neue Sch\u00fclerinnen und Sch\u00fcler in unserer Schulgemeinschaft begr\u00fc\u00dfen zu d\u00fcrfen. In einer Schule mit einer famili\u00e4re Atmosph\u00e4re, individuelle F\u00f6rderung und vielf\u00e4ltige M\u00f6glichkeiten f\u00fcr die pers\u00f6nliche Entwicklung Ihres Kindes. \ud83d\udccd Adolph-Kolping-Schule \u2013 Gemeinschaftshauptschule Kerpen\ud83d\udcc5 Anmeldezeitraum: 23.02. \u2013 20.03.2026 (ausgenommen Karnevalstage) \ud83d\udd52 Anmeldezeiten:Mo\u2013Do: 8:00 \u2013 15:00 UhrFr: 8:00 \u2013 13:00 [&hellip;]<\/p>\n","protected":false},"author":4,"featured_media":0,"comment_status":"open","ping_status":"closed","sticky":true,"template":"","format":"standard","meta":{"footnotes":""},"categories":[1],"tags":[62,92,19,66,67,37,93],"class_list":["post-1716","post","type-post","status-publish","format-standard","hentry","category-uncategorized","tag-adolph-kolping-schule","tag-anmeldeverfahren","tag-anmeldung","tag-hauptschule","tag-kerpen","tag-mint","tag-schuljahr-2026-2027"],"_links":{"self":[{"href":"https:\/\/aks-kerpen.de\/wordpress\/wp-json\/wp\/v2\/posts\/1716","targetHints":{"allow":["GET"]}}],"collection":[{"href":"https:\/\/aks-kerpen.de\/wordpress\/wp-json\/wp\/v2\/posts"}],"about":[{"href":"https:\/\/aks-kerpen.de\/wordpress\/wp-json\/wp\/v2\/types\/post"}],"author":[{"embeddable":true,"href":"https:\/\/aks-kerpen.de\/wordpress\/wp-json\/wp\/v2\/users\/4"}],"replies":[{"embeddable":true,"href":"https:\/\/aks-kerpen.de\/wordpress\/wp-json\/wp\/v2\/comments?post=1716"}],"version-history":[{"count":0,"href":"https:\/\/aks-kerpen.de\/wordpress\/wp-json\/wp\/v2\/posts\/1716\/revisions"}],"wp:attachment":[{"href":"https:\/\/aks-kerpen.de\/wordpress\/wp-json\/wp\/v2\/media?parent=1716"}],"wp:term":[{"taxonomy":"category","embeddable":true,"href":"https:\/\/aks-kerpen.de\/wordpress\/wp-json\/wp\/v2\/categories?post=1716"},{"taxonomy":"post_tag","embeddable":true,"href":"https:\/\/aks-kerpen.de\/wordpress\/wp-json\/wp\/v2\/tags?post=1716"}],"curies":[{"name":"wp","href":"https:\/\/api.w.org\/{rel}","templated":true}]}}