{"id":1646,"date":"2025-05-14T11:40:51","date_gmt":"2025-05-14T11:40:51","guid":{"rendered":"https:\/\/aks-kerpen.de\/wordpress\/?p=1646"},"modified":"2025-05-14T11:40:51","modified_gmt":"2025-05-14T11:40:51","slug":"baumpflanzaktion-175-jahre-kolping-werk","status":"publish","type":"post","link":"https:\/\/aks-kerpen.de\/wordpress\/blog\/2025\/05\/14\/baumpflanzaktion-175-jahre-kolping-werk\/","title":{"rendered":"Baumpflanzaktion \u201e175 Jahre Kolping Werk\u201c"},"content":{"rendered":"\n<p>Im Rahmen des Handlungs- und produktionsorientierten Deutschunterrichts hat der Jahrgang 7 mit den Klassenleitungen passend zur Lekt\u00fcre \u201eL\u00f6cher\u201c ein tiefes Loch gegraben. Gef\u00fcllt wurde es anschlie\u00dfend mit einem Schatten spendenden Kirschbaum \u00fcber dem Adolph Kolping erinnerungsstein zur Feier des 175. J\u00e4hrigen Jubil\u00e4ums des Kolping Werkes. Die Sch\u00fclerschaft hofft jetzt auf Spender, damit unter dem sch\u00f6nen Baum auch eine Sitzgelegenheit gebaut werden kann, um in Ruhe \u00fcber die Schule und die Zukunft sinnieren zu k\u00f6nnen.<\/p>\n\n\n\n<figure class=\"wp-block-image size-large is-resized\"><img loading=\"lazy\" decoding=\"async\" width=\"768\" height=\"1024\" src=\"https:\/\/aks-kerpen.de\/wordpress\/wp-content\/uploads\/2025\/05\/Graben-768x1024.jpg\" alt=\"\" class=\"wp-image-1647\" style=\"width:526px;height:auto\" srcset=\"https:\/\/aks-kerpen.de\/wordpress\/wp-content\/uploads\/2025\/05\/Graben-768x1024.jpg 768w, https:\/\/aks-kerpen.de\/wordpress\/wp-content\/uploads\/2025\/05\/Graben-225x300.jpg 225w, https:\/\/aks-kerpen.de\/wordpress\/wp-content\/uploads\/2025\/05\/Graben-1152x1536.jpg 1152w, https:\/\/aks-kerpen.de\/wordpress\/wp-content\/uploads\/2025\/05\/Graben-1536x2048.jpg 1536w, https:\/\/aks-kerpen.de\/wordpress\/wp-content\/uploads\/2025\/05\/Graben-scaled.jpg 1920w\" sizes=\"auto, (max-width: 768px) 100vw, 768px\" \/><\/figure>\n\n\n\n<figure class=\"wp-block-image size-large is-resized\"><img loading=\"lazy\" decoding=\"async\" width=\"1024\" height=\"768\" src=\"https:\/\/aks-kerpen.de\/wordpress\/wp-content\/uploads\/2025\/05\/IMG_5784-1024x768.jpg\" alt=\"\" class=\"wp-image-1648\" style=\"width:644px;height:auto\" srcset=\"https:\/\/aks-kerpen.de\/wordpress\/wp-content\/uploads\/2025\/05\/IMG_5784-1024x768.jpg 1024w, https:\/\/aks-kerpen.de\/wordpress\/wp-content\/uploads\/2025\/05\/IMG_5784-300x225.jpg 300w, https:\/\/aks-kerpen.de\/wordpress\/wp-content\/uploads\/2025\/05\/IMG_5784-768x576.jpg 768w, https:\/\/aks-kerpen.de\/wordpress\/wp-content\/uploads\/2025\/05\/IMG_5784-1536x1152.jpg 1536w, https:\/\/aks-kerpen.de\/wordpress\/wp-content\/uploads\/2025\/05\/IMG_5784.jpg 2016w\" sizes=\"auto, (max-width: 1024px) 100vw, 1024px\" \/><\/figure>\n\n\n\n<figure class=\"wp-block-image size-large is-resized\"><img loading=\"lazy\" decoding=\"async\" width=\"768\" height=\"1024\" src=\"https:\/\/aks-kerpen.de\/wordpress\/wp-content\/uploads\/2025\/05\/IMG_5794-768x1024.jpg\" alt=\"\" class=\"wp-image-1649\" style=\"width:384px;height:auto\" srcset=\"https:\/\/aks-kerpen.de\/wordpress\/wp-content\/uploads\/2025\/05\/IMG_5794-768x1024.jpg 768w, https:\/\/aks-kerpen.de\/wordpress\/wp-content\/uploads\/2025\/05\/IMG_5794-225x300.jpg 225w, https:\/\/aks-kerpen.de\/wordpress\/wp-content\/uploads\/2025\/05\/IMG_5794-1152x1536.jpg 1152w, https:\/\/aks-kerpen.de\/wordpress\/wp-content\/uploads\/2025\/05\/IMG_5794-rotated.jpg 1512w\" sizes=\"auto, (max-width: 768px) 100vw, 768px\" \/><\/figure>\n\n\n\n<figure class=\"wp-block-image size-large\"><img loading=\"lazy\" decoding=\"async\" width=\"1024\" height=\"768\" src=\"https:\/\/aks-kerpen.de\/wordpress\/wp-content\/uploads\/2025\/05\/IMG_5798-1024x768.jpg\" alt=\"\" class=\"wp-image-1650\" srcset=\"https:\/\/aks-kerpen.de\/wordpress\/wp-content\/uploads\/2025\/05\/IMG_5798-1024x768.jpg 1024w, https:\/\/aks-kerpen.de\/wordpress\/wp-content\/uploads\/2025\/05\/IMG_5798-300x225.jpg 300w, https:\/\/aks-kerpen.de\/wordpress\/wp-content\/uploads\/2025\/05\/IMG_5798-768x576.jpg 768w, https:\/\/aks-kerpen.de\/wordpress\/wp-content\/uploads\/2025\/05\/IMG_5798-1536x1152.jpg 1536w, https:\/\/aks-kerpen.de\/wordpress\/wp-content\/uploads\/2025\/05\/IMG_5798.jpg 2016w\" sizes=\"auto, (max-width: 1024px) 100vw, 1024px\" \/><\/figure>\n\n\n\n<figure class=\"wp-block-image size-large\"><img loading=\"lazy\" decoding=\"async\" width=\"768\" height=\"1024\" src=\"https:\/\/aks-kerpen.de\/wordpress\/wp-content\/uploads\/2025\/05\/HoDU-768x1024.jpg\" alt=\"\" class=\"wp-image-1651\" srcset=\"https:\/\/aks-kerpen.de\/wordpress\/wp-content\/uploads\/2025\/05\/HoDU-768x1024.jpg 768w, https:\/\/aks-kerpen.de\/wordpress\/wp-content\/uploads\/2025\/05\/HoDU-225x300.jpg 225w, https:\/\/aks-kerpen.de\/wordpress\/wp-content\/uploads\/2025\/05\/HoDU-1152x1536.jpg 1152w, https:\/\/aks-kerpen.de\/wordpress\/wp-content\/uploads\/2025\/05\/HoDU-1536x2048.jpg 1536w, https:\/\/aks-kerpen.de\/wordpress\/wp-content\/uploads\/2025\/05\/HoDU-scaled.jpg 1920w\" sizes=\"auto, (max-width: 768px) 100vw, 768px\" \/><\/figure>\n","protected":false},"excerpt":{"rendered":"<p>Im Rahmen des Handlungs- und produktionsorientierten Deutschunterrichts hat der Jahrgang 7 mit den Klassenleitungen passend zur Lekt\u00fcre \u201eL\u00f6cher\u201c ein tiefes Loch gegraben. Gef\u00fcllt wurde es anschlie\u00dfend mit einem Schatten spendenden Kirschbaum \u00fcber dem Adolph Kolping erinnerungsstein zur Feier des 175. J\u00e4hrigen Jubil\u00e4ums des Kolping Werkes. Die Sch\u00fclerschaft hofft jetzt auf Spender, damit unter dem sch\u00f6nen [&hellip;]<\/p>\n","protected":false},"author":4,"featured_media":0,"comment_status":"open","ping_status":"closed","sticky":false,"template":"","format":"standard","meta":{"footnotes":""},"categories":[1],"tags":[],"class_list":["post-1646","post","type-post","status-publish","format-standard","hentry","category-uncategorized"],"_links":{"self":[{"href":"https:\/\/aks-kerpen.de\/wordpress\/wp-json\/wp\/v2\/posts\/1646","targetHints":{"allow":["GET"]}}],"collection":[{"href":"https:\/\/aks-kerpen.de\/wordpress\/wp-json\/wp\/v2\/posts"}],"about":[{"href":"https:\/\/aks-kerpen.de\/wordpress\/wp-json\/wp\/v2\/types\/post"}],"author":[{"embeddable":true,"href":"https:\/\/aks-kerpen.de\/wordpress\/wp-json\/wp\/v2\/users\/4"}],"replies":[{"embeddable":true,"href":"https:\/\/aks-kerpen.de\/wordpress\/wp-json\/wp\/v2\/comments?post=1646"}],"version-history":[{"count":0,"href":"https:\/\/aks-kerpen.de\/wordpress\/wp-json\/wp\/v2\/posts\/1646\/revisions"}],"wp:attachment":[{"href":"https:\/\/aks-kerpen.de\/wordpress\/wp-json\/wp\/v2\/media?parent=1646"}],"wp:term":[{"taxonomy":"category","embeddable":true,"href":"https:\/\/aks-kerpen.de\/wordpress\/wp-json\/wp\/v2\/categories?post=1646"},{"taxonomy":"post_tag","embeddable":true,"href":"https:\/\/aks-kerpen.de\/wordpress\/wp-json\/wp\/v2\/tags?post=1646"}],"curies":[{"name":"wp","href":"https:\/\/api.w.org\/{rel}","templated":true}]}}