{"id":1600,"date":"2024-12-02T13:56:26","date_gmt":"2024-12-02T13:56:26","guid":{"rendered":"https:\/\/aks-kerpen.de\/wordpress\/?p=1600"},"modified":"2024-12-02T14:02:54","modified_gmt":"2024-12-02T14:02:54","slug":"weihnachtliche-stimmung-an-der-aks-kerpen","status":"publish","type":"post","link":"https:\/\/aks-kerpen.de\/wordpress\/blog\/2024\/12\/02\/weihnachtliche-stimmung-an-der-aks-kerpen\/","title":{"rendered":"Weihnachtliche Stimmung an der AKS Kerpen"},"content":{"rendered":"\n<p>Die Adventszeit hat begonnen und auch an der Adolph-Kolping-Schule Kerpen ist die festliche Stimmung eingezogen. Ab sofort steht in unserer Mensa ein wundersch\u00f6n geschm\u00fcckter Tannenbaum, der mit seinen funkelnden Lichtern und liebevoll ausgew\u00e4hlten Dekorationen f\u00fcr eine gem\u00fctliche Atmosph\u00e4re sorgt.<\/p>\n\n\n\n<p>Doch damit nicht genug: Auch unser Schulbalkon wurde weihnachtlich geschm\u00fcckt und erstrahlt nun in festlichem Glanz. Die Sch\u00fclerinnen und Sch\u00fcler sowie das gesamte Schulteam haben mit viel Freude und Kreativit\u00e4t daf\u00fcr gesorgt, dass unsere Schule in dieser besonderen Zeit des Jahres noch einladender und stimmungsvoller wirkt.<\/p>\n\n\n\n<p>Wir w\u00fcnschen allen eine besinnliche Adventszeit und freuen uns auf die kommenden festlichen Tage.<\/p>\n\n\n<div class=\"wp-block-image\">\n<figure class=\"alignleft size-large is-resized\"><img decoding=\"async\" src=\"https:\/\/aks-kerpen.de\/wordpress\/wp-content\/uploads\/2024\/12\/20241202_072240-768x1024.jpg\" alt=\"\" class=\"wp-image-1601\" style=\"width:363px;height:auto\" \/><\/figure><\/div>\n\n<div class=\"wp-block-image\">\n<figure class=\"alignright size-large is-resized\"><img loading=\"lazy\" decoding=\"async\" width=\"768\" height=\"1024\" src=\"https:\/\/aks-kerpen.de\/wordpress\/wp-content\/uploads\/2024\/12\/20241202_140721-768x1024.jpg\" alt=\"\" class=\"wp-image-1602\" style=\"width:357px;height:auto\" srcset=\"https:\/\/aks-kerpen.de\/wordpress\/wp-content\/uploads\/2024\/12\/20241202_140721-768x1024.jpg 768w, https:\/\/aks-kerpen.de\/wordpress\/wp-content\/uploads\/2024\/12\/20241202_140721-225x300.jpg 225w, https:\/\/aks-kerpen.de\/wordpress\/wp-content\/uploads\/2024\/12\/20241202_140721-1152x1536.jpg 1152w, https:\/\/aks-kerpen.de\/wordpress\/wp-content\/uploads\/2024\/12\/20241202_140721-1536x2048.jpg 1536w, https:\/\/aks-kerpen.de\/wordpress\/wp-content\/uploads\/2024\/12\/20241202_140721-scaled.jpg 1920w\" sizes=\"auto, (max-width: 768px) 100vw, 768px\" \/><\/figure><\/div>","protected":false},"excerpt":{"rendered":"<p>Die Adventszeit hat begonnen und auch an der Adolph-Kolping-Schule Kerpen ist die festliche Stimmung eingezogen. Ab sofort steht in unserer Mensa ein wundersch\u00f6n geschm\u00fcckter Tannenbaum, der mit seinen funkelnden Lichtern und liebevoll ausgew\u00e4hlten Dekorationen f\u00fcr eine gem\u00fctliche Atmosph\u00e4re sorgt. Doch damit nicht genug: Auch unser Schulbalkon wurde weihnachtlich geschm\u00fcckt und erstrahlt nun in festlichem Glanz. [&hellip;]<\/p>\n","protected":false},"author":4,"featured_media":1601,"comment_status":"open","ping_status":"closed","sticky":false,"template":"","format":"standard","meta":{"footnotes":""},"categories":[1],"tags":[],"class_list":["post-1600","post","type-post","status-publish","format-standard","has-post-thumbnail","hentry","category-uncategorized"],"_links":{"self":[{"href":"https:\/\/aks-kerpen.de\/wordpress\/wp-json\/wp\/v2\/posts\/1600","targetHints":{"allow":["GET"]}}],"collection":[{"href":"https:\/\/aks-kerpen.de\/wordpress\/wp-json\/wp\/v2\/posts"}],"about":[{"href":"https:\/\/aks-kerpen.de\/wordpress\/wp-json\/wp\/v2\/types\/post"}],"author":[{"embeddable":true,"href":"https:\/\/aks-kerpen.de\/wordpress\/wp-json\/wp\/v2\/users\/4"}],"replies":[{"embeddable":true,"href":"https:\/\/aks-kerpen.de\/wordpress\/wp-json\/wp\/v2\/comments?post=1600"}],"version-history":[{"count":0,"href":"https:\/\/aks-kerpen.de\/wordpress\/wp-json\/wp\/v2\/posts\/1600\/revisions"}],"wp:featuredmedia":[{"embeddable":true,"href":"https:\/\/aks-kerpen.de\/wordpress\/wp-json\/wp\/v2\/media\/1601"}],"wp:attachment":[{"href":"https:\/\/aks-kerpen.de\/wordpress\/wp-json\/wp\/v2\/media?parent=1600"}],"wp:term":[{"taxonomy":"category","embeddable":true,"href":"https:\/\/aks-kerpen.de\/wordpress\/wp-json\/wp\/v2\/categories?post=1600"},{"taxonomy":"post_tag","embeddable":true,"href":"https:\/\/aks-kerpen.de\/wordpress\/wp-json\/wp\/v2\/tags?post=1600"}],"curies":[{"name":"wp","href":"https:\/\/api.w.org\/{rel}","templated":true}]}}