{"id":1341,"date":"2023-04-19T16:14:40","date_gmt":"2023-04-19T16:14:40","guid":{"rendered":"https:\/\/aks-kerpen.de\/wordpress\/?p=1341"},"modified":"2023-04-19T16:14:40","modified_gmt":"2023-04-19T16:14:40","slug":"der-muell-muss-weg","status":"publish","type":"post","link":"https:\/\/aks-kerpen.de\/wordpress\/blog\/2023\/04\/19\/der-muell-muss-weg\/","title":{"rendered":"Der M\u00fcll muss weg&#8230;"},"content":{"rendered":"\n<figure class=\"wp-block-image size-full is-resized\"><img loading=\"lazy\" decoding=\"async\" src=\"https:\/\/aks-kerpen.de\/wordpress\/wp-content\/uploads\/2023\/04\/Muell-aktion-2.jpg\" alt=\"\" class=\"wp-image-1343\" width=\"547\" height=\"411\" srcset=\"https:\/\/aks-kerpen.de\/wordpress\/wp-content\/uploads\/2023\/04\/Muell-aktion-2.jpg 799w, https:\/\/aks-kerpen.de\/wordpress\/wp-content\/uploads\/2023\/04\/Muell-aktion-2-300x225.jpg 300w, https:\/\/aks-kerpen.de\/wordpress\/wp-content\/uploads\/2023\/04\/Muell-aktion-2-768x577.jpg 768w\" sizes=\"auto, (max-width: 547px) 100vw, 547px\" \/><\/figure>\n\n\n\n<p>Und dabei haben in diesem Jahr die Klassen 9b und 8c unserer Schule tatkr\u00e4ftig mitgeholfen.<\/p>\n\n\n\n<p>Um 9 Uhr waren die Sch\u00fcler*innen der 9b startbereit; ausger\u00fcstet mit Handschuhen und M\u00fcllzangen wurde rund ums Schloss L\u00f6rsfeld gesammelt.<\/p>\n\n\n\n<p>Das Ergebnis war beeindruckend!<\/p>\n\n\n\n<p>Nicht nur wurde ein Autoreifen, sondern auch allerlei K\u00fcchenutensilien und jede Menge Fast-Food-Verpackung gefunden.<\/p>\n\n\n\n<p>Was dies wohl alles im Wald zu suchen hat?<\/p>\n\n\n\n<p>zwischendurch war aber auch noch Zeit f\u00fcr eine Besichtigung des Parks am Schloss Loersfeld und ein Picknick im Gr\u00fcnen.<\/p>\n\n\n\n<p>Um 13:00 waren alle reichlich ersch\u00f6pft und pr\u00e4sentierten ihre gesammelten Werke.<\/p>\n\n\n\n<figure class=\"wp-block-image size-full\"><img loading=\"lazy\" decoding=\"async\" width=\"799\" height=\"600\" src=\"https:\/\/aks-kerpen.de\/wordpress\/wp-content\/uploads\/2023\/04\/Muell-aktion-1-1.jpg\" alt=\"\" class=\"wp-image-1344\" srcset=\"https:\/\/aks-kerpen.de\/wordpress\/wp-content\/uploads\/2023\/04\/Muell-aktion-1-1.jpg 799w, https:\/\/aks-kerpen.de\/wordpress\/wp-content\/uploads\/2023\/04\/Muell-aktion-1-1-300x225.jpg 300w, https:\/\/aks-kerpen.de\/wordpress\/wp-content\/uploads\/2023\/04\/Muell-aktion-1-1-768x577.jpg 768w\" sizes=\"auto, (max-width: 799px) 100vw, 799px\" \/><\/figure>\n","protected":false},"excerpt":{"rendered":"<p>Und dabei haben in diesem Jahr die Klassen 9b und 8c unserer Schule tatkr\u00e4ftig mitgeholfen. Um 9 Uhr waren die Sch\u00fcler*innen der 9b startbereit; ausger\u00fcstet mit Handschuhen und M\u00fcllzangen wurde rund ums Schloss L\u00f6rsfeld gesammelt. Das Ergebnis war beeindruckend! Nicht nur wurde ein Autoreifen, sondern auch allerlei K\u00fcchenutensilien und jede Menge Fast-Food-Verpackung gefunden. Was dies [&hellip;]<\/p>\n","protected":false},"author":5,"featured_media":0,"comment_status":"open","ping_status":"closed","sticky":false,"template":"","format":"standard","meta":{"footnotes":""},"categories":[26],"tags":[24,32],"class_list":["post-1341","post","type-post","status-publish","format-standard","hentry","category-fuer-den-guten-zweck-2","tag-guterzweck","tag-saubereskerpen"],"_links":{"self":[{"href":"https:\/\/aks-kerpen.de\/wordpress\/wp-json\/wp\/v2\/posts\/1341","targetHints":{"allow":["GET"]}}],"collection":[{"href":"https:\/\/aks-kerpen.de\/wordpress\/wp-json\/wp\/v2\/posts"}],"about":[{"href":"https:\/\/aks-kerpen.de\/wordpress\/wp-json\/wp\/v2\/types\/post"}],"author":[{"embeddable":true,"href":"https:\/\/aks-kerpen.de\/wordpress\/wp-json\/wp\/v2\/users\/5"}],"replies":[{"embeddable":true,"href":"https:\/\/aks-kerpen.de\/wordpress\/wp-json\/wp\/v2\/comments?post=1341"}],"version-history":[{"count":0,"href":"https:\/\/aks-kerpen.de\/wordpress\/wp-json\/wp\/v2\/posts\/1341\/revisions"}],"wp:attachment":[{"href":"https:\/\/aks-kerpen.de\/wordpress\/wp-json\/wp\/v2\/media?parent=1341"}],"wp:term":[{"taxonomy":"category","embeddable":true,"href":"https:\/\/aks-kerpen.de\/wordpress\/wp-json\/wp\/v2\/categories?post=1341"},{"taxonomy":"post_tag","embeddable":true,"href":"https:\/\/aks-kerpen.de\/wordpress\/wp-json\/wp\/v2\/tags?post=1341"}],"curies":[{"name":"wp","href":"https:\/\/api.w.org\/{rel}","templated":true}]}}